{"id":3171,"date":"2026-08-26T16:25:02","date_gmt":"2026-08-26T14:25:02","guid":{"rendered":"https:\/\/www.forever-beauty.com\/?p=3171"},"modified":"2026-09-03T16:43:50","modified_gmt":"2026-09-03T14:43:50","slug":"aviclear-geneve-rentree-acne","status":"publish","type":"post","link":"https:\/\/www.forever-beauty.com\/en\/actualite\/aviclear-geneve-rentree-acne\/","title":{"rendered":"Acn\u00e9 et rentr\u00e9e : pourquoi septembre est le bon moment pour agir avec AviClear \u00e0 Gen\u00e8ve ?"},"content":{"rendered":"<p class=\"wp-block-paragraph\">77% des personnes touch\u00e9es par une acn\u00e9 mod\u00e9r\u00e9e \u00e0 s\u00e9v\u00e8re disent avoir rat\u00e9 des moments importants \u00e0 cause de leur peau, selon une <a href=\"https:\/\/cutera.showpad.com\/share\/2oMYFSgkbmCzfYBjHGRHM\" target=\"_blank\" rel=\"noreferrer noopener\">enqu\u00eate Cutera<\/a> men\u00e9e en 2023 aupr\u00e8s de 500 personnes.\u202f\u00a0<\/p>\n\n\n\n<p class=\"wp-block-paragraph\">La rentr\u00e9e est pass\u00e9e, avec son lot d\u2019\u00e9v\u00e9nements, reprise du travail, premi\u00e8res sorties entre amis, photos de groupe, souvent juste apr\u00e8s un \u00e9t\u00e9 qui a accentu\u00e9 plut\u00f4t qu\u2019am\u00e9lior\u00e9 votre acn\u00e9.\u202f\u00a0<\/p>\n\n\n\n<p class=\"wp-block-paragraph\">Forever Institut propose \u00e0 Gen\u00e8ve <a href=\"https:\/\/www.forever-beauty.com\/en\/treatment\/aviclear\/\" target=\"_blank\" rel=\"noreferrer noopener\">AviClear<\/a>, premier traitement laser approuv\u00e9 par la FDA pour l\u2019acn\u00e9 inflammatoire l\u00e9g\u00e8re \u00e0 s\u00e9v\u00e8re, sans m\u00e9dicament. Cet article explique pourquoi l\u2019\u00e9t\u00e9 joue contre la peau, pourquoi septembre est le moment strat\u00e9gique pour agir, et comment se d\u00e9roule le protocole \u00e0 Gen\u00e8ve.\u00a0<\/p>\n\n\n\n<h2 class=\"wp-block-heading\">Pourquoi l\u2019acn\u00e9 flambe souvent apr\u00e8s l\u2019\u00e9t\u00e9 ?&nbsp;<\/h2>\n\n\n\n<h3 class=\"wp-block-heading\">Le m\u00e9canisme : soleil, chaleur, transpiration&nbsp;<\/h3>\n\n\n\n<p class=\"wp-block-paragraph\">L\u2019exposition solaire r\u00e9p\u00e9t\u00e9e \u00e9paissit temporairement la couche corn\u00e9e de la peau, un ph\u00e9nom\u00e8ne qui retarde l\u2019\u00e9limination naturelle des cellules mortes et des impuret\u00e9s. Quand la peau se r\u00e9g\u00e9n\u00e8re \u00e0 la rentr\u00e9e, les pores obstru\u00e9s lib\u00e8rent d\u2019un coup ce qui s\u2019est accumul\u00e9 pendant l\u2019\u00e9t\u00e9. L\u2019effet rebond qui en r\u00e9sulte touche autant le visage que le dos.&nbsp;<\/p>\n\n\n\n<h3 class=\"wp-block-heading\">\u00c9crans solaires et cosm\u00e9tiques occlusifs&nbsp;<\/h3>\n\n\n\n<p class=\"wp-block-paragraph\">La chaleur pousse \u00e0 appliquer plus de cr\u00e8me solaire, et plus souvent. Certaines formules restent com\u00e9dog\u00e8nes malgr\u00e9 une recommandation pour peaux \u00e0 imperfections ou peaux acn\u00e9iques sur l\u2019emballage. Ajoutez la transpiration accrue et le contact prolong\u00e9 avec des textiles humides, maillots ou casquettes, et le terrain devient favorable \u00e0 l\u2019obstruction des pores.&nbsp;<\/p>\n\n\n\n<h3 class=\"wp-block-heading\">Le stress de la reprise comme facteur aggravant&nbsp;<\/h3>\n\n\n\n<p class=\"wp-block-paragraph\">Le stress est associ\u00e9 \u00e0 une production accrue de s\u00e9bum chez certaines personnes, sans que le lien soit automatique ou syst\u00e9matique. La reprise professionnelle de septembre, avec ses \u00e9ch\u00e9ances et ses r\u00e9unions, peut donc jouer un r\u00f4le additionnel chez les personnes d\u00e9j\u00e0 sujettes \u00e0 l\u2019acn\u00e9.&nbsp;<\/p>\n\n\n\n<h2 class=\"wp-block-heading\">Rentr\u00e9e : reprendre confiance avant les \u00e9ch\u00e9ances sociales et professionnelles&nbsp;<\/h2>\n\n\n\n<h3 class=\"wp-block-heading\">Les moments manqu\u00e9s de la rentr\u00e9e&nbsp;<\/h3>\n\n\n\n<p class=\"wp-block-paragraph\">40% des occasions \u00e9vit\u00e9es par les personnes souffrant d\u2019acn\u00e9 mod\u00e9r\u00e9e \u00e0 s\u00e9v\u00e8re concernent des sorties entre amis ou en famille, selon la m\u00eame enqu\u00eate Cutera 2023. La rentr\u00e9e en multiplie m\u00e9caniquement les occasions : reprise du travail, rentr\u00e9e scolaire des enfants, premi\u00e8res sorties apr\u00e8s l\u2019\u00e9t\u00e9.&nbsp;<\/p>\n\n\n\n<h3 class=\"wp-block-heading\">Rendez-vous et premi\u00e8res impressions&nbsp;<\/h3>\n\n\n\n<p class=\"wp-block-paragraph\">Un entretien d\u2019embauche, un premier rendez-vous, une r\u00e9union avec un nouveau client : la rentr\u00e9e concentre les situations o\u00f9 l\u2019apparence compte davantage qu\u2019\u00e0 l\u2019accoutum\u00e9e. L\u2019acn\u00e9 inflammatoire peut \u00eatre douloureuse et visible, et son impact sur la confiance en soi d\u00e9passe la simple question esth\u00e9tique.&nbsp;<\/p>\n\n\n\n<h3 class=\"wp-block-heading\">Pourquoi agir t\u00f4t plut\u00f4t qu\u2019attendre l\u2019hiver\u00a0?<\/h3>\n\n\n\n<p class=\"wp-block-paragraph\">Un protocole de trois s\u00e9ances espac\u00e9es d\u2019un mois, d\u00e9marr\u00e9 en septembre, produit des r\u00e9sultats d\u00e9finitifs vers d\u00e9cembre ou janvier. Attendre l\u2019hiver pour consulter revient \u00e0 repousser ce calendrier de plusieurs mois, et \u00e0 aborder les f\u00eates de fin d\u2019ann\u00e9e sans le b\u00e9n\u00e9fice du traitement.&nbsp;<\/p>\n\n\n\n<h2 class=\"wp-block-heading\">AviClear \u00e0 Gen\u00e8ve : le traitement en pratique&nbsp;<\/h2>\n\n\n\n<h3 class=\"wp-block-heading\">Comment fonctionne AviClear ?&nbsp;<\/h3>\n\n\n\n<p class=\"wp-block-paragraph\">Le laser AviClear cible directement les glandes s\u00e9bac\u00e9es responsables de l\u2019exc\u00e8s de s\u00e9bum \u00e0 l\u2019origine de l\u2019acn\u00e9, plut\u00f4t que de traiter uniquement les sympt\u00f4mes visibles en surface. Sa longueur d\u2019onde de 1726 nm est absorb\u00e9e pr\u00e9f\u00e9rentiellement par le s\u00e9bum, ce qui endommage les s\u00e9bocytes tout en pr\u00e9servant l\u2019\u00e9piderme.&nbsp;<\/p>\n\n\n\n<h3 class=\"wp-block-heading\">Le protocole : trois s\u00e9ances \u00e0 un mois d\u2019intervalle&nbsp;<\/h3>\n\n\n\n<p class=\"wp-block-paragraph\">Un centim\u00e8tre carr\u00e9 de peau contient environ 900 glandes s\u00e9bac\u00e9es, ce qui explique qu\u2019une ou deux s\u00e9ances ne suffisent pas \u00e0 cibler la majorit\u00e9 d\u2019entre elles. Le protocole Forever Institut pr\u00e9voit trois s\u00e9ances espac\u00e9es d\u2019un mois chacune d\u2019une dur\u00e9e d\u2019environ 1h.&nbsp;<\/p>\n\n\n\n<h3 class=\"wp-block-heading\">\u00c0 quoi s\u2019attendre : r\u00e9sultats et d\u00e9lais&nbsp;<\/h3>\n\n\n\n<p class=\"wp-block-paragraph\">Une am\u00e9lioration notable appara\u00eet g\u00e9n\u00e9ralement d\u00e8s la deuxi\u00e8me ou la troisi\u00e8me s\u00e9ance. Les r\u00e9sultats d\u00e9finitifs s\u2019observent entre trois et six mois apr\u00e8s la fin du protocole (am\u00e9lioration jusqu\u2019\u00e0 1an post traitement). Une \u00e9viction solaire est recommand\u00e9e apr\u00e8s chaque s\u00e9ance et une consultation pr\u00e9alable permet de v\u00e9rifier l\u2019indication : grossesse ou allaitement, affections cutan\u00e9es actives, prise de m\u00e9dicaments photosensibilisants et troubles de la coagulation figurent parmi les crit\u00e8res v\u00e9rifi\u00e9s avant traitement.&nbsp;<\/p>\n\n\n\n<blockquote class=\"wp-block-quote is-layout-flow wp-block-quote-is-layout-flow\">\n<p class=\"wp-block-paragraph\"><em>\u00ab Intervenir avant que l\u2019acn\u00e9 ne s\u2019installe durablement change la trajectoire du traitement. Une peau prise en charge t\u00f4t r\u00e9pond mieux, et plus vite. \u00bb \u2014 Dr Luigi L. Polla, fondateur de Forever Institut<\/em>\u00a0<\/p>\n<\/blockquote>\n\n\n\n<h3 class=\"wp-block-heading\">Consulter avant que la pouss\u00e9e ne s\u2019installe&nbsp;<\/h3>\n\n\n\n<p class=\"wp-block-paragraph\">L\u2019\u00e9t\u00e9 cr\u00e9e souvent un effet rebond sur l\u2019acn\u00e9 \u00e0 la rentr\u00e9e, et la reprise sociale et professionnelle rend ce moment particuli\u00e8rement sensible pour celles et ceux qui en souffrent. D\u00e9marrer un protocole de trois s\u00e9ances d\u00e8s septembre permet d\u2019aborder l\u2019hiver avec des r\u00e9sultats d\u00e9j\u00e0 visibles, plut\u00f4t que de repousser la d\u00e9cision de plusieurs mois. Une consultation initiale \u00e0 Forever Institut Gen\u00e8ve permet de v\u00e9rifier l\u2019indication et d\u2019\u00e9valuer la s\u00e9v\u00e9rit\u00e9 de l\u2019acn\u00e9 avant de d\u00e9marrer le traitement.<\/p>\n\n\n\n<section class=\"faq-seb\" itemscope itemtype=\"https:\/\/schema.org\/FAQPage\">\n  <h2>Questions fr\u00e9quentes sur AviClear \u00e0 Gen\u00e8ve<\/h2>\n\n  <div itemscope itemprop=\"mainEntity\" itemtype=\"https:\/\/schema.org\/Question\">\n    <h3 itemprop=\"name\">Combien co\u00fbte un traitement AviClear \u00e0 Gen\u00e8ve ?<\/h3>\n    <div itemscope itemprop=\"acceptedAnswer\" itemtype=\"https:\/\/schema.org\/Answer\">\n      <div itemprop=\"text\"><p>Le tarif exact d&rsquo;un protocole AviClear est communiqu\u00e9 lors de la consultation initiale, une fois la s\u00e9v\u00e9rit\u00e9 de l&rsquo;acn\u00e9 \u00e9valu\u00e9e. Forever Institut d\u00e9taille la grille tarifaire sur la page du soin, sans communication syst\u00e9matique des prix dans le contenu informationnel.<\/p><\/div>\n    <\/div>\n  <\/div>\n\n  <div itemscope itemprop=\"mainEntity\" itemtype=\"https:\/\/schema.org\/Question\">\n    <h3 itemprop=\"name\">AviClear est-il disponible \u00e0 Nyon ou \u00e0 Lausanne ?<\/h3>\n    <div itemscope itemprop=\"acceptedAnswer\" itemtype=\"https:\/\/schema.org\/Answer\">\n      <div itemprop=\"text\"><p>Non. AviClear est disponible exclusivement \u00e0 la clinique de <a href=\"https:\/\/www.forever-beauty.com\/en\/clinic\/geneva\/\">Geneva<\/a> de Forever Institut. Les patientes et patients suivis \u00e0 Nyon ou \u00e0 Lausanne et int\u00e9ress\u00e9s par ce traitement doivent se rendre \u00e0 Gen\u00e8ve pour la consultation initiale et pour les s\u00e9ances.<\/p><\/div>\n    <\/div>\n  <\/div>\n\n  <div itemscope itemprop=\"mainEntity\" itemtype=\"https:\/\/schema.org\/Question\">\n    <h3 itemprop=\"name\">Le traitement AviClear est-il douloureux ?<\/h3>\n    <div itemscope itemprop=\"acceptedAnswer\" itemtype=\"https:\/\/schema.org\/Answer\">\n      <div itemprop=\"text\"><p>La <a href=\"https:\/\/cutera.showpad.com\/share\/IY2a6qgGqG1uNLXO2LRcj\">documentation officielle AviClear<\/a> de notre partenaire Cutera mentionne un inconfort possible pendant la s\u00e9ance, ainsi qu&rsquo;une rougeur et un gonflement transitoires. L&rsquo;usage d&rsquo;anesth\u00e9siant topique n&rsquo;est pas recommand\u00e9 avec ce traitement.<\/p><\/div>\n    <\/div>\n  <\/div>\n\n  <div itemscope itemprop=\"mainEntity\" itemtype=\"https:\/\/schema.org\/Question\">\n    <h3 itemprop=\"name\">Combien de temps avant de voir des r\u00e9sultats avec AviClear ?<\/h3>\n    <div itemscope itemprop=\"acceptedAnswer\" itemtype=\"https:\/\/schema.org\/Answer\">\n      <div itemprop=\"text\"><p>Une am\u00e9lioration notable appara\u00eet g\u00e9n\u00e9ralement d\u00e8s la deuxi\u00e8me ou la troisi\u00e8me s\u00e9ance. Les r\u00e9sultats d\u00e9finitifs s&rsquo;observent entre trois et six mois apr\u00e8s la fin du protocole (am\u00e9lioration possible jusqu&rsquo;\u00e0 1 an post-traitement), une fois que la production de s\u00e9bum s&rsquo;est durablement stabilis\u00e9e.<\/p><\/div>\n    <\/div>\n  <\/div>\n\n  <div itemscope itemprop=\"mainEntity\" itemtype=\"https:\/\/schema.org\/Question\">\n    <h3 itemprop=\"name\">AviClear convient-il \u00e0 tous les types de peau ?<\/h3>\n    <div itemscope itemprop=\"acceptedAnswer\" itemtype=\"https:\/\/schema.org\/Answer\">\n      <div itemprop=\"text\"><p>Oui. AviClear est con\u00e7u pour \u00eatre utilis\u00e9 en toute s\u00e9curit\u00e9 sur tous les phototypes, chez l&rsquo;adolescent comme chez l&rsquo;adulte. Le traitement est toutefois contre-indiqu\u00e9 en cas de grossesse ou de traitement en cours contre un cancer de la peau, et n\u00e9cessite des pr\u00e9cautions particuli\u00e8res en cas de prise r\u00e9cente d&rsquo;isotr\u00e9tino\u00efne, d&rsquo;anticoagulants ou d&rsquo;ant\u00e9c\u00e9dents de cicatrices ch\u00e9lo\u00efdes, entre autres crit\u00e8res v\u00e9rifi\u00e9s lors de la consultation.<\/p><\/div>\n    <\/div>\n  <\/div>\n\n<\/section>","protected":false},"excerpt":{"rendered":"<p>77% des personnes touch\u00e9es par une acn\u00e9 mod\u00e9r\u00e9e \u00e0 s\u00e9v\u00e8re disent avoir rat\u00e9 des moments importants \u00e0 cause de leur peau, selon une enqu\u00eate Cutera men\u00e9e en 2023 aupr\u00e8s de 500 personnes.\u202f\u00a0 La rentr\u00e9e est pass\u00e9e, avec son lot d\u2019\u00e9v\u00e9nements, reprise du travail, premi\u00e8res sorties entre amis, photos de groupe, souvent juste apr\u00e8s un \u00e9t\u00e9 [&hellip;]<\/p>\n","protected":false},"author":8,"featured_media":3175,"comment_status":"closed","ping_status":"closed","sticky":false,"template":"","format":"standard","meta":{"_acf_changed":false,"inline_featured_image":false,"footnotes":""},"categories":[1],"tags":[],"class_list":["post-3171","post","type-post","status-publish","format-standard","has-post-thumbnail","hentry","category-non-classe"],"acf":[],"yoast_head":"<!-- This site is optimized with the Yoast SEO plugin v28.3 - https:\/\/yoast.com\/product\/yoast-seo-wordpress\/ -->\n<title>AviClear Gen\u00e8ve : agir sur l\u2019acn\u00e9 d\u00e8s la rentr\u00e9e - Forever Institut<\/title>\n<meta name=\"description\" content=\"L\u2019\u00e9t\u00e9 aggrave souvent l\u2019acn\u00e9. D\u00e9couvrez pourquoi septembre est le bon moment pour d\u00e9marrer un protocole AviClear \u00e0 Gen\u00e8ve, avec Forever Institut.\" \/>\n<meta name=\"robots\" content=\"index, follow, max-snippet:-1, max-image-preview:large, max-video-preview:-1\" \/>\n<link rel=\"canonical\" href=\"https:\/\/www.forever-beauty.com\/en\/news-2\/aviclear-geneve-rentree-acne\/\" \/>\n<meta property=\"og:locale\" content=\"en_GB\" \/>\n<meta property=\"og:type\" content=\"article\" \/>\n<meta property=\"og:title\" content=\"AviClear Gen\u00e8ve : agir sur l\u2019acn\u00e9 d\u00e8s la rentr\u00e9e - Forever Institut\" \/>\n<meta property=\"og:description\" content=\"L\u2019\u00e9t\u00e9 aggrave souvent l\u2019acn\u00e9. D\u00e9couvrez pourquoi septembre est le bon moment pour d\u00e9marrer un protocole AviClear \u00e0 Gen\u00e8ve, avec Forever Institut.\" \/>\n<meta property=\"og:url\" content=\"https:\/\/www.forever-beauty.com\/en\/news-2\/aviclear-geneve-rentree-acne\/\" \/>\n<meta property=\"og:site_name\" content=\"Forever Institut\" \/>\n<meta property=\"article:published_time\" content=\"2026-08-26T14:25:02+00:00\" \/>\n<meta property=\"article:modified_time\" content=\"2026-09-03T14:43:50+00:00\" \/>\n<meta property=\"og:image\" content=\"https:\/\/www.forever-beauty.com\/wp-content\/uploads\/2026\/08\/Forever-Institut-8.png\" \/>\n\t<meta property=\"og:image:width\" content=\"2240\" \/>\n\t<meta property=\"og:image:height\" content=\"1260\" \/>\n\t<meta property=\"og:image:type\" content=\"image\/png\" \/>\n<meta name=\"author\" content=\"Dr Luigi L. Polla\" \/>\n<meta name=\"twitter:card\" content=\"summary_large_image\" \/>\n<meta name=\"twitter:creator\" content=\"@digitalmarketingsuisse@gmail.com\" \/>\n<meta name=\"twitter:label1\" content=\"Written by\" \/>\n\t<meta name=\"twitter:data1\" content=\"Dr Luigi L. Polla\" \/>\n\t<meta name=\"twitter:label2\" content=\"Estimated reading time\" \/>\n\t<meta name=\"twitter:data2\" content=\"6 minutes\" \/>\n<script type=\"application\/ld+json\" class=\"yoast-schema-graph\">{\"@context\":\"https:\\\/\\\/schema.org\",\"@graph\":[{\"@type\":\"Article\",\"@id\":\"https:\\\/\\\/www.forever-beauty.com\\\/actualite\\\/aviclear-geneve-rentree-acne\\\/#article\",\"isPartOf\":{\"@id\":\"https:\\\/\\\/www.forever-beauty.com\\\/actualite\\\/aviclear-geneve-rentree-acne\\\/\"},\"author\":{\"name\":\"Dr Luigi L. Polla\",\"@id\":\"https:\\\/\\\/www.forever-beauty.com\\\/#\\\/schema\\\/person\\\/fc86b04d3b31f272c4126af594e341b3\"},\"headline\":\"Acn\u00e9 et rentr\u00e9e : pourquoi septembre est le bon moment pour agir avec AviClear \u00e0 Gen\u00e8ve ?\",\"datePublished\":\"2026-08-26T14:25:02+00:00\",\"dateModified\":\"2026-09-03T14:43:50+00:00\",\"mainEntityOfPage\":{\"@id\":\"https:\\\/\\\/www.forever-beauty.com\\\/actualite\\\/aviclear-geneve-rentree-acne\\\/\"},\"wordCount\":1255,\"publisher\":{\"@id\":\"https:\\\/\\\/www.forever-beauty.com\\\/#organization\"},\"image\":{\"@id\":\"https:\\\/\\\/www.forever-beauty.com\\\/actualite\\\/aviclear-geneve-rentree-acne\\\/#primaryimage\"},\"thumbnailUrl\":\"https:\\\/\\\/www.forever-beauty.com\\\/wp-content\\\/uploads\\\/2026\\\/08\\\/Forever-Institut-8.png\",\"articleSection\":[\"Non class\u00e9\"],\"inLanguage\":\"en-GB\"},{\"@type\":\"WebPage\",\"@id\":\"https:\\\/\\\/www.forever-beauty.com\\\/actualite\\\/aviclear-geneve-rentree-acne\\\/\",\"url\":\"https:\\\/\\\/www.forever-beauty.com\\\/actualite\\\/aviclear-geneve-rentree-acne\\\/\",\"name\":\"AviClear Gen\u00e8ve : agir sur l\u2019acn\u00e9 d\u00e8s la rentr\u00e9e - Forever Institut\",\"isPartOf\":{\"@id\":\"https:\\\/\\\/www.forever-beauty.com\\\/#website\"},\"primaryImageOfPage\":{\"@id\":\"https:\\\/\\\/www.forever-beauty.com\\\/actualite\\\/aviclear-geneve-rentree-acne\\\/#primaryimage\"},\"image\":{\"@id\":\"https:\\\/\\\/www.forever-beauty.com\\\/actualite\\\/aviclear-geneve-rentree-acne\\\/#primaryimage\"},\"thumbnailUrl\":\"https:\\\/\\\/www.forever-beauty.com\\\/wp-content\\\/uploads\\\/2026\\\/08\\\/Forever-Institut-8.png\",\"datePublished\":\"2026-08-26T14:25:02+00:00\",\"dateModified\":\"2026-09-03T14:43:50+00:00\",\"description\":\"L\u2019\u00e9t\u00e9 aggrave souvent l\u2019acn\u00e9. D\u00e9couvrez pourquoi septembre est le bon moment pour d\u00e9marrer un protocole AviClear \u00e0 Gen\u00e8ve, avec Forever Institut.\",\"breadcrumb\":{\"@id\":\"https:\\\/\\\/www.forever-beauty.com\\\/actualite\\\/aviclear-geneve-rentree-acne\\\/#breadcrumb\"},\"inLanguage\":\"en-GB\",\"potentialAction\":[{\"@type\":\"ReadAction\",\"target\":[\"https:\\\/\\\/www.forever-beauty.com\\\/actualite\\\/aviclear-geneve-rentree-acne\\\/\"]}]},{\"@type\":\"ImageObject\",\"inLanguage\":\"en-GB\",\"@id\":\"https:\\\/\\\/www.forever-beauty.com\\\/actualite\\\/aviclear-geneve-rentree-acne\\\/#primaryimage\",\"url\":\"https:\\\/\\\/www.forever-beauty.com\\\/wp-content\\\/uploads\\\/2026\\\/08\\\/Forever-Institut-8.png\",\"contentUrl\":\"https:\\\/\\\/www.forever-beauty.com\\\/wp-content\\\/uploads\\\/2026\\\/08\\\/Forever-Institut-8.png\",\"width\":2240,\"height\":1260,\"caption\":\"aviclear Gen\u00e8ve\"},{\"@type\":\"BreadcrumbList\",\"@id\":\"https:\\\/\\\/www.forever-beauty.com\\\/actualite\\\/aviclear-geneve-rentree-acne\\\/#breadcrumb\",\"itemListElement\":[{\"@type\":\"ListItem\",\"position\":1,\"name\":\"Home\",\"item\":\"https:\\\/\\\/www.forever-beauty.com\\\/\"},{\"@type\":\"ListItem\",\"position\":2,\"name\":\"Non class\u00e9\",\"item\":\"https:\\\/\\\/www.forever-beauty.com\\\/actualites\\\/non-classe\\\/\"},{\"@type\":\"ListItem\",\"position\":3,\"name\":\"Acn\u00e9 et rentr\u00e9e : pourquoi septembre est le bon moment pour agir avec AviClear \u00e0 Gen\u00e8ve ?\"}]},{\"@type\":\"WebSite\",\"@id\":\"https:\\\/\\\/www.forever-beauty.com\\\/#website\",\"url\":\"https:\\\/\\\/www.forever-beauty.com\\\/\",\"name\":\"Forever Institut\",\"description\":\"Forever Institut : Centre de M\u00e9decine esth\u00e9tique et injections\",\"publisher\":{\"@id\":\"https:\\\/\\\/www.forever-beauty.com\\\/#organization\"},\"potentialAction\":[{\"@type\":\"SearchAction\",\"target\":{\"@type\":\"EntryPoint\",\"urlTemplate\":\"https:\\\/\\\/www.forever-beauty.com\\\/?s={search_term_string}\"},\"query-input\":{\"@type\":\"PropertyValueSpecification\",\"valueRequired\":true,\"valueName\":\"search_term_string\"}}],\"inLanguage\":\"en-GB\"},{\"@type\":\"Organization\",\"@id\":\"https:\\\/\\\/www.forever-beauty.com\\\/#organization\",\"name\":\"Forever\",\"url\":\"https:\\\/\\\/www.forever-beauty.com\\\/\",\"logo\":{\"@type\":\"ImageObject\",\"inLanguage\":\"en-GB\",\"@id\":\"https:\\\/\\\/www.forever-beauty.com\\\/#\\\/schema\\\/logo\\\/image\\\/\",\"url\":\"https:\\\/\\\/www.forever-beauty.com\\\/wp-content\\\/uploads\\\/2024\\\/03\\\/Forever-logo.svg\",\"contentUrl\":\"https:\\\/\\\/www.forever-beauty.com\\\/wp-content\\\/uploads\\\/2024\\\/03\\\/Forever-logo.svg\",\"width\":280,\"height\":101,\"caption\":\"Forever\"},\"image\":{\"@id\":\"https:\\\/\\\/www.forever-beauty.com\\\/#\\\/schema\\\/logo\\\/image\\\/\"}},{\"@type\":\"Person\",\"@id\":\"https:\\\/\\\/www.forever-beauty.com\\\/#\\\/schema\\\/person\\\/fc86b04d3b31f272c4126af594e341b3\",\"name\":\"Dr Luigi L. Polla\",\"image\":{\"@type\":\"ImageObject\",\"inLanguage\":\"en-GB\",\"@id\":\"https:\\\/\\\/www.forever-beauty.com\\\/wp-content\\\/uploads\\\/2026\\\/05\\\/Dr-Luigi-Polla-447x447.jpg\",\"url\":\"https:\\\/\\\/www.forever-beauty.com\\\/wp-content\\\/uploads\\\/2026\\\/05\\\/Dr-Luigi-Polla-447x447.jpg\",\"contentUrl\":\"https:\\\/\\\/www.forever-beauty.com\\\/wp-content\\\/uploads\\\/2026\\\/05\\\/Dr-Luigi-Polla-447x447.jpg\",\"caption\":\"Dr Luigi L. Polla\"},\"description\":\"Dr Luigi L. Polla est dermatologue FMH depuis 1984 et fondateur de Forever Institut, centre pionnier de m\u00e9decine esth\u00e9tique \u00e0 Gen\u00e8ve depuis 1997. Form\u00e9 au Wellman Laboratory de Harvard Medical School aupr\u00e8s des Professeurs Fitzpatrick, Parrish et Rox Anderson \u2014 les p\u00e8res de la photothermolysis s\u00e9lective, principe sur lequel repose l'ensemble des lasers m\u00e9dicaux utilis\u00e9s aujourd'hui. Il a introduit en Suisse les premiers lasers d\u00e9pilatoires Candela, le PicoSure de Cynosure et le CoolSculpting. Co-fondateur de la Soci\u00e9t\u00e9 Suisse de M\u00e9decine Esth\u00e9tique, membre de l'AAD et de l'EADV.\",\"sameAs\":[\"https:\\\/\\\/x.com\\\/digitalmarketingsuisse@gmail.com\"],\"url\":\"https:\\\/\\\/www.forever-beauty.com\\\/en\\\/actualite\\\/author\\\/drluigi\\\/\"}]}<\/script>\n<!-- \/ Yoast SEO plugin. -->","yoast_head_json":{"title":"AviClear Gen\u00e8ve : agir sur l\u2019acn\u00e9 d\u00e8s la rentr\u00e9e - Forever Institut","description":"L\u2019\u00e9t\u00e9 aggrave souvent l\u2019acn\u00e9. D\u00e9couvrez pourquoi septembre est le bon moment pour d\u00e9marrer un protocole AviClear \u00e0 Gen\u00e8ve, avec Forever Institut.","robots":{"index":"index","follow":"follow","max-snippet":"max-snippet:-1","max-image-preview":"max-image-preview:large","max-video-preview":"max-video-preview:-1"},"canonical":"https:\/\/www.forever-beauty.com\/en\/news-2\/aviclear-geneve-rentree-acne\/","og_locale":"en_GB","og_type":"article","og_title":"AviClear Gen\u00e8ve : agir sur l\u2019acn\u00e9 d\u00e8s la rentr\u00e9e - Forever Institut","og_description":"L\u2019\u00e9t\u00e9 aggrave souvent l\u2019acn\u00e9. D\u00e9couvrez pourquoi septembre est le bon moment pour d\u00e9marrer un protocole AviClear \u00e0 Gen\u00e8ve, avec Forever Institut.","og_url":"https:\/\/www.forever-beauty.com\/en\/news-2\/aviclear-geneve-rentree-acne\/","og_site_name":"Forever Institut","article_published_time":"2026-08-26T14:25:02+00:00","article_modified_time":"2026-09-03T14:43:50+00:00","og_image":[{"width":2240,"height":1260,"url":"https:\/\/www.forever-beauty.com\/wp-content\/uploads\/2026\/08\/Forever-Institut-8.png","type":"image\/png"}],"author":"Dr Luigi L. Polla","twitter_card":"summary_large_image","twitter_creator":"@digitalmarketingsuisse@gmail.com","twitter_misc":{"Written by":"Dr Luigi L. Polla","Estimated reading time":"6 minutes"},"schema":{"@context":"https:\/\/schema.org","@graph":[{"@type":"Article","@id":"https:\/\/www.forever-beauty.com\/actualite\/aviclear-geneve-rentree-acne\/#article","isPartOf":{"@id":"https:\/\/www.forever-beauty.com\/actualite\/aviclear-geneve-rentree-acne\/"},"author":{"name":"Dr Luigi L. Polla","@id":"https:\/\/www.forever-beauty.com\/#\/schema\/person\/fc86b04d3b31f272c4126af594e341b3"},"headline":"Acn\u00e9 et rentr\u00e9e : pourquoi septembre est le bon moment pour agir avec AviClear \u00e0 Gen\u00e8ve ?","datePublished":"2026-08-26T14:25:02+00:00","dateModified":"2026-09-03T14:43:50+00:00","mainEntityOfPage":{"@id":"https:\/\/www.forever-beauty.com\/actualite\/aviclear-geneve-rentree-acne\/"},"wordCount":1255,"publisher":{"@id":"https:\/\/www.forever-beauty.com\/#organization"},"image":{"@id":"https:\/\/www.forever-beauty.com\/actualite\/aviclear-geneve-rentree-acne\/#primaryimage"},"thumbnailUrl":"https:\/\/www.forever-beauty.com\/wp-content\/uploads\/2026\/08\/Forever-Institut-8.png","articleSection":["Non class\u00e9"],"inLanguage":"en-GB"},{"@type":"WebPage","@id":"https:\/\/www.forever-beauty.com\/actualite\/aviclear-geneve-rentree-acne\/","url":"https:\/\/www.forever-beauty.com\/actualite\/aviclear-geneve-rentree-acne\/","name":"AviClear Gen\u00e8ve : agir sur l\u2019acn\u00e9 d\u00e8s la rentr\u00e9e - Forever Institut","isPartOf":{"@id":"https:\/\/www.forever-beauty.com\/#website"},"primaryImageOfPage":{"@id":"https:\/\/www.forever-beauty.com\/actualite\/aviclear-geneve-rentree-acne\/#primaryimage"},"image":{"@id":"https:\/\/www.forever-beauty.com\/actualite\/aviclear-geneve-rentree-acne\/#primaryimage"},"thumbnailUrl":"https:\/\/www.forever-beauty.com\/wp-content\/uploads\/2026\/08\/Forever-Institut-8.png","datePublished":"2026-08-26T14:25:02+00:00","dateModified":"2026-09-03T14:43:50+00:00","description":"L\u2019\u00e9t\u00e9 aggrave souvent l\u2019acn\u00e9. D\u00e9couvrez pourquoi septembre est le bon moment pour d\u00e9marrer un protocole AviClear \u00e0 Gen\u00e8ve, avec Forever Institut.","breadcrumb":{"@id":"https:\/\/www.forever-beauty.com\/actualite\/aviclear-geneve-rentree-acne\/#breadcrumb"},"inLanguage":"en-GB","potentialAction":[{"@type":"ReadAction","target":["https:\/\/www.forever-beauty.com\/actualite\/aviclear-geneve-rentree-acne\/"]}]},{"@type":"ImageObject","inLanguage":"en-GB","@id":"https:\/\/www.forever-beauty.com\/actualite\/aviclear-geneve-rentree-acne\/#primaryimage","url":"https:\/\/www.forever-beauty.com\/wp-content\/uploads\/2026\/08\/Forever-Institut-8.png","contentUrl":"https:\/\/www.forever-beauty.com\/wp-content\/uploads\/2026\/08\/Forever-Institut-8.png","width":2240,"height":1260,"caption":"aviclear Gen\u00e8ve"},{"@type":"BreadcrumbList","@id":"https:\/\/www.forever-beauty.com\/actualite\/aviclear-geneve-rentree-acne\/#breadcrumb","itemListElement":[{"@type":"ListItem","position":1,"name":"Home","item":"https:\/\/www.forever-beauty.com\/"},{"@type":"ListItem","position":2,"name":"Non class\u00e9","item":"https:\/\/www.forever-beauty.com\/actualites\/non-classe\/"},{"@type":"ListItem","position":3,"name":"Acn\u00e9 et rentr\u00e9e : pourquoi septembre est le bon moment pour agir avec AviClear \u00e0 Gen\u00e8ve ?"}]},{"@type":"WebSite","@id":"https:\/\/www.forever-beauty.com\/#website","url":"https:\/\/www.forever-beauty.com\/","name":"Forever Institut","description":"Forever Institut : Centre for aesthetic medicine and injections","publisher":{"@id":"https:\/\/www.forever-beauty.com\/#organization"},"potentialAction":[{"@type":"SearchAction","target":{"@type":"EntryPoint","urlTemplate":"https:\/\/www.forever-beauty.com\/?s={search_term_string}"},"query-input":{"@type":"PropertyValueSpecification","valueRequired":true,"valueName":"search_term_string"}}],"inLanguage":"en-GB"},{"@type":"Organization","@id":"https:\/\/www.forever-beauty.com\/#organization","name":"Forever","url":"https:\/\/www.forever-beauty.com\/","logo":{"@type":"ImageObject","inLanguage":"en-GB","@id":"https:\/\/www.forever-beauty.com\/#\/schema\/logo\/image\/","url":"https:\/\/www.forever-beauty.com\/wp-content\/uploads\/2024\/03\/Forever-logo.svg","contentUrl":"https:\/\/www.forever-beauty.com\/wp-content\/uploads\/2024\/03\/Forever-logo.svg","width":280,"height":101,"caption":"Forever"},"image":{"@id":"https:\/\/www.forever-beauty.com\/#\/schema\/logo\/image\/"}},{"@type":"Person","@id":"https:\/\/www.forever-beauty.com\/#\/schema\/person\/fc86b04d3b31f272c4126af594e341b3","name":"Dr Luigi L. Polla","image":{"@type":"ImageObject","inLanguage":"en-GB","@id":"https:\/\/www.forever-beauty.com\/wp-content\/uploads\/2026\/05\/Dr-Luigi-Polla-447x447.jpg","url":"https:\/\/www.forever-beauty.com\/wp-content\/uploads\/2026\/05\/Dr-Luigi-Polla-447x447.jpg","contentUrl":"https:\/\/www.forever-beauty.com\/wp-content\/uploads\/2026\/05\/Dr-Luigi-Polla-447x447.jpg","caption":"Dr Luigi L. Polla"},"description":"Dr Luigi L. Polla has been a dermatologist FMH since 1984 and founder of Forever Institut, a pioneering centre for aesthetic medicine in Geneva since 1997. He trained at Harvard Medical School's Wellman Laboratory with Professors Fitzpatrick, Parrish and Rox Anderson - the fathers of selective photothermolysis, the principle on which all the medical lasers used today are based. He introduced the first Candela depilatory lasers, Cynosure's PicoSure and CoolSculpting to Switzerland. Co-founder of the Swiss Society of Aesthetic Medicine, member of the AAD and the EADV.","sameAs":["https:\/\/x.com\/digitalmarketingsuisse@gmail.com"],"url":"https:\/\/www.forever-beauty.com\/en\/actualite\/author\/drluigi\/"}]}},"_links":{"self":[{"href":"https:\/\/www.forever-beauty.com\/en\/wp-json\/wp\/v2\/posts\/3171","targetHints":{"allow":["GET"]}}],"collection":[{"href":"https:\/\/www.forever-beauty.com\/en\/wp-json\/wp\/v2\/posts"}],"about":[{"href":"https:\/\/www.forever-beauty.com\/en\/wp-json\/wp\/v2\/types\/post"}],"author":[{"embeddable":true,"href":"https:\/\/www.forever-beauty.com\/en\/wp-json\/wp\/v2\/users\/8"}],"replies":[{"embeddable":true,"href":"https:\/\/www.forever-beauty.com\/en\/wp-json\/wp\/v2\/comments?post=3171"}],"version-history":[{"count":1,"href":"https:\/\/www.forever-beauty.com\/en\/wp-json\/wp\/v2\/posts\/3171\/revisions"}],"predecessor-version":[{"id":3172,"href":"https:\/\/www.forever-beauty.com\/en\/wp-json\/wp\/v2\/posts\/3171\/revisions\/3172"}],"wp:featuredmedia":[{"embeddable":true,"href":"https:\/\/www.forever-beauty.com\/en\/wp-json\/wp\/v2\/media\/3175"}],"wp:attachment":[{"href":"https:\/\/www.forever-beauty.com\/en\/wp-json\/wp\/v2\/media?parent=3171"}],"wp:term":[{"taxonomy":"category","embeddable":true,"href":"https:\/\/www.forever-beauty.com\/en\/wp-json\/wp\/v2\/categories?post=3171"},{"taxonomy":"post_tag","embeddable":true,"href":"https:\/\/www.forever-beauty.com\/en\/wp-json\/wp\/v2\/tags?post=3171"}],"curies":[{"name":"wp","href":"https:\/\/api.w.org\/{rel}","templated":true}]}}